{"id":54881,"date":"2021-05-18T14:33:13","date_gmt":"2021-05-18T14:33:13","guid":{"rendered":"https:\/\/pre.loom.es\/blog\/las-mejores-terrazas-para-celebrar-eventos-en-madrid\/"},"modified":"2026-04-13T12:02:22","modified_gmt":"2026-04-13T12:02:22","slug":"terraces-for-events-madrid","status":"publish","type":"post","link":"https:\/\/loom.es\/en\/blog\/terraces-for-events-madrid\/","title":{"rendered":"The best terraces for events in Madrid"},"content":{"rendered":"<p><span style=\"font-weight: 400;\">Los eventos son sin ninguna duda, una de las piezas m\u00e1s importantes de la estrategia de marketing de las empresas. As\u00ed lo ha demostrado la pandemia y el confinamiento, cuando vimos la necesidad de <\/span><a href=\"https:\/\/loom.es\/blog\/reto-nuevos-eventos\/\" target=\"_blank\" rel=\"noopener\"><span style=\"font-weight: 400;\">llevar todo lo presencial a online<\/span><\/a><span style=\"font-weight: 400;\"> y transformarlos en webinar, juntas generales de accionistas telem\u00e1ticas y eventos online.\u00a0<\/span><span style=\"font-weight: 400;\">Ahora que parece que la situaci\u00f3n ha mejorado tras la vacunaci\u00f3n masiva, y el buen tiempo ha llegado para quedarse, los eventos presenciales vuelven a coger fuerza. Por eso, hoy te presentamos las <a href=\"https:\/\/loom.es\/espacios-coworking\/\">mejores terrazas<\/a> para celebrar eventos en Madrid<\/span><\/p>\n<p><!--more--><\/p>\n<p><span style=\"font-weight: 400;\">Espacios con lo que sorprender\u00e1s y captar\u00e1s la atenci\u00f3n de los asistentes.\u00a0<\/span>Al fin y al cabo, si el espectador vive una experiencia \u00fanica, lo compartir\u00e1 con sus allegados o en redes sociales llamando la atenci\u00f3n de m\u00e1s personas.\u00a0<span style=\"font-weight: 400;\">Tan importante es apostar por ponentes atractivos como elegir un espacio que deje boquiabierto al p\u00fablico.\u00a0<\/span><\/p>\n<ul>\n<li style=\"font-weight: 400;\" aria-level=\"1\">\n<h4><b>Roof Gardens <a href=\"https:\/\/loom.es\/espacios-coworking\/madrid\/loom-princesa\/\" target=\"_blank\" rel=\"noopener\">Princesa\u00a0<\/a><\/b><\/h4>\n<\/li>\n<\/ul>\n<p><span style=\"font-weight: 400;\">Situado en la conocida Plaza de los Cubos de Madrid y a penas 5 minutos del Templo de Debod, esta amplia terraza tiene capacidad para 100 personas. Adem\u00e1s, cuenta con un incre\u00edble mural dise\u00f1ado por el artista urbano Okuda San Miguel.<\/span><\/p>\n<p><img loading=\"lazy\" decoding=\"async\" class=\"wp-image-4306 aligncenter\" src=\"https:\/\/loom.es\/wp-content\/uploads\/2022\/02\/Princesa_CabeceraDesktop1-300x129.jpg\" alt=\"mejores espacios de eventos en madrid\" width=\"750\" height=\"321\" srcset=\"https:\/\/loom.es\/wp-content\/uploads\/2022\/02\/Princesa_CabeceraDesktop1-300x129.jpg 300w, https:\/\/loom.es\/wp-content\/uploads\/2022\/02\/Princesa_CabeceraDesktop1-1024x439.jpg 1024w, https:\/\/loom.es\/wp-content\/uploads\/2022\/02\/Princesa_CabeceraDesktop1-768x329.jpg 768w, https:\/\/loom.es\/wp-content\/uploads\/2022\/02\/Princesa_CabeceraDesktop1-1536x658.jpg 1536w, https:\/\/loom.es\/wp-content\/uploads\/2022\/02\/Princesa_CabeceraDesktop1-1200x514.jpg 1200w, https:\/\/loom.es\/wp-content\/uploads\/2022\/02\/Princesa_CabeceraDesktop1.jpg 1920w\" sizes=\"(max-width: 750px) 100vw, 750px\" \/><\/p>\n<ul>\n<li style=\"font-weight: 400;\" aria-level=\"1\">\n<h4><b>Terraza La Leyenda &#8211; <a href=\"https:\/\/loom.es\/espacios-coworking\/madrid\/loom-huertas\/\" target=\"_blank\" rel=\"noopener\">Huertas\u00a0<\/a><\/b><\/h4>\n<\/li>\n<\/ul>\n<p><span style=\"font-weight: 400;\">Si est\u00e1s organizando un evento \u00edntimo pero que no deje indiferente a nadie, este es tu sitio. Se encuentra en pleno Barrio de las Letras, as\u00ed que es ideal para los amantes de la cultura y tiene una capacidad de 30 personas. Adem\u00e1s, las vistas a los famosos tejados de Madrid son incre\u00edbles.\u00a0<\/span><\/p>\n<p><img loading=\"lazy\" decoding=\"async\" class=\"aligncenter wp-image-20587\" src=\"https:\/\/loom.es\/wp-content\/uploads\/2022\/07\/Diseno-sin-titulo-55-300x193.png\" alt=\"La terraza de LOOM Huertas es uno de los mejores espacios para llevar a cabo tus eventos en Madrid\" width=\"750\" height=\"482\" srcset=\"https:\/\/loom.es\/wp-content\/uploads\/2022\/07\/Diseno-sin-titulo-55-300x193.png 300w, https:\/\/loom.es\/wp-content\/uploads\/2022\/07\/Diseno-sin-titulo-55-150x96.png 150w, https:\/\/loom.es\/wp-content\/uploads\/2022\/07\/Diseno-sin-titulo-55.png 700w\" sizes=\"(max-width: 750px) 100vw, 750px\" \/><\/p>\n<ul>\n<li style=\"font-weight: 400;\" aria-level=\"1\">\n<h4><b>Terraza, Lobby y jardines &#8211;\u00a0 LOOM <a href=\"https:\/\/www.merlinproperties.com\/portfolio\/torre-chamartin\/\" target=\"_blank\" rel=\"noopener\">Torre Chamart\u00edn<\/a>\u00a0<\/b><\/h4>\n<\/li>\n<\/ul>\n<p><span style=\"font-weight: 400;\">\u00bfUn evento en una terraza con vistas a todo Madrid? \u00a1Hecho! En LOOM Torre Chamart\u00edn podr\u00e1s organizar un evento incre\u00edble para 100 personas. Adem\u00e1s, tendr\u00e1s parking privado para llegar c\u00f3modamente. Los atardeceres de esta terraza son impresionantes.\u00a0<\/span><\/p>\n<p><img loading=\"lazy\" decoding=\"async\" class=\"aligncenter wp-image-20585\" src=\"https:\/\/loom.es\/wp-content\/uploads\/2022\/07\/Diseno-sin-titulo-53-300x193.png\" alt=\"En Torre Chamart\u00edn podr\u00e1s llevar a cabo los mejores eventos en Madrid\" width=\"750\" height=\"482\" srcset=\"https:\/\/loom.es\/wp-content\/uploads\/2022\/07\/Diseno-sin-titulo-53-300x193.png 300w, https:\/\/loom.es\/wp-content\/uploads\/2022\/07\/Diseno-sin-titulo-53-150x96.png 150w, https:\/\/loom.es\/wp-content\/uploads\/2022\/07\/Diseno-sin-titulo-53.png 700w\" sizes=\"(max-width: 750px) 100vw, 750px\" \/><\/p>\n<p>&nbsp;<\/p>\n<p><span style=\"font-weight: 400;\">Y por si eso fuera poco, nuestro espacio cuenta con un lobby y un jard\u00edn en el que tambi\u00e9n podr\u00e1s<\/span><a href=\"https:\/\/loom.es\/planes\/salas-de-reuniones\/\"><span style=\"font-weight: 400;\"> celebrar tu evento<\/span><\/a><span style=\"font-weight: 400;\">. Sea cual sea, nos adaptamos a ti.\u00a0<\/span><\/p>\n<ul>\n<li style=\"font-weight: 400;\" aria-level=\"1\"><b>Galer\u00eda y jardines &#8211; LOOM <a href=\"https:\/\/loom.es\/espacios-coworking\/madrid\/loom-tapices\/\" target=\"_blank\" rel=\"noopener\">Tapices\u00a0<\/a><\/b><\/li>\n<\/ul>\n<p><span style=\"font-weight: 400;\">Este espacio es m\u00e1gico. Situado en la Real F\u00e1brica de Tapices y con capacidad para 100 personas, LOOM Tapices tiene una galer\u00eda, conocida como \u201cEl callej\u00f3n\u201d y unos jardines \u00fanicos. Un oasis de paz en pleno centro de Madrid.<\/span><\/p>\n<p><img loading=\"lazy\" decoding=\"async\" class=\"aligncenter wp-image-2357\" src=\"https:\/\/loom.es\/wp-content\/uploads\/2022\/01\/LOOM-Tapices-022-1_1-min-300x197.jpg\" alt=\"celebrar los mejores eventos en tapices\" width=\"750\" height=\"494\" srcset=\"https:\/\/loom.es\/wp-content\/uploads\/2022\/01\/LOOM-Tapices-022-1_1-min-300x197.jpg 300w, https:\/\/loom.es\/wp-content\/uploads\/2022\/01\/LOOM-Tapices-022-1_1-min-1024x674.jpg 1024w, https:\/\/loom.es\/wp-content\/uploads\/2022\/01\/LOOM-Tapices-022-1_1-min-768x506.jpg 768w, https:\/\/loom.es\/wp-content\/uploads\/2022\/01\/LOOM-Tapices-022-1_1-min-1536x1011.jpg 1536w, https:\/\/loom.es\/wp-content\/uploads\/2022\/01\/LOOM-Tapices-022-1_1-min-2048x1348.jpg 2048w, https:\/\/loom.es\/wp-content\/uploads\/2022\/01\/LOOM-Tapices-022-1_1-min-1200x790.jpg 1200w, https:\/\/loom.es\/wp-content\/uploads\/2022\/01\/LOOM-Tapices-022-1_1-min-1980x1303.jpg 1980w\" sizes=\"(max-width: 750px) 100vw, 750px\" \/><\/p>\n<ul>\n<li style=\"font-weight: 400;\" aria-level=\"1\"><b>Terraza &#8211; LOOM <a href=\"https:\/\/loom.es\/espacios-coworking\/madrid\/loom-eucalipto\/\" target=\"_blank\" rel=\"noopener\">Eucalipto\u00a0<\/a><\/b><\/li>\n<\/ul>\n<p><span style=\"font-weight: 400;\">El norte de Madrid est\u00e1 m\u00e1s vivo que nunca y tambi\u00e9n es una idea muy buena para celebrar tu espacio. Tiene capacidad para 60 asistentes y tambi\u00e9n cuenta con parking privado.\u00a0<\/span><\/p>\n<p><img loading=\"lazy\" decoding=\"async\" class=\"aligncenter wp-image-3216\" src=\"https:\/\/loom.es\/wp-content\/uploads\/2022\/01\/eucalipto_portada-300x198.jpg\" alt=\"mejores espacios de eventos en Madrid LOOM Eucalipto\" width=\"750\" height=\"495\" srcset=\"https:\/\/loom.es\/wp-content\/uploads\/2022\/01\/eucalipto_portada-300x198.jpg 300w, https:\/\/loom.es\/wp-content\/uploads\/2022\/01\/eucalipto_portada-1024x675.jpg 1024w, https:\/\/loom.es\/wp-content\/uploads\/2022\/01\/eucalipto_portada-768x506.jpg 768w, https:\/\/loom.es\/wp-content\/uploads\/2022\/01\/eucalipto_portada-1200x791.jpg 1200w, https:\/\/loom.es\/wp-content\/uploads\/2022\/01\/eucalipto_portada.jpg 1365w\" sizes=\"(max-width: 750px) 100vw, 750px\" \/><\/p>\n<p>&nbsp;<\/p>\n<p><span style=\"font-weight: 400;\">\u00bfTe has quedado con ganas de m\u00e1s? \u00a1D\u00e9jate sorprender por todos las terrazas y jardines en las que puedes organizar un evento y <\/span><a href=\"https:\/\/loom.es\/contacto\/\" target=\"_blank\" rel=\"noopener\"><span style=\"font-weight: 400;\">contacta con nosotros<\/span><\/a><span style=\"font-weight: 400;\">!\u00a0<\/span><\/p>\n<p>&nbsp;<\/p>\n<p>&nbsp;<\/p>\n<p>&nbsp;<\/p>\n","protected":false},"excerpt":{"rendered":"<p>Los eventos son sin ninguna duda, una de las piezas m\u00e1s importantes de la estrategia de marketing de las empresas. As\u00ed lo ha demostrado la pandemia y el confinamiento, cuando vimos la necesidad de llevar todo lo presencial a online y transformarlos en webinar, juntas generales de accionistas telem\u00e1ticas y eventos online.\u00a0Ahora que parece que [&hellip;]<\/p>\n","protected":false},"author":12,"featured_media":46220,"comment_status":"open","ping_status":"open","sticky":false,"template":"","format":"standard","meta":{"_acf_changed":false,"footnotes":""},"categories":[740],"tags":[849,850,848,851,852,826,853,854],"class_list":["post-54881","post","type-post","status-publish","format-standard","has-post-thumbnail","hentry","category-coworking-spaces","tag-espacios-eventos","tag-espacios-eventos-madrid","tag-eventos","tag-eventos-madrid","tag-eventos-terrazas","tag-loom","tag-madrid-eventos","tag-terrazas"],"acf":[],"yoast_head":"<!-- This site is optimized with the Yoast SEO plugin v27.1.1 - https:\/\/yoast.com\/product\/yoast-seo-wordpress\/ -->\n<title>The best terraces for events in Madrid | LOOM<\/title>\n<meta name=\"description\" content=\"Don&#039;t miss the best terraces and gardens to celebrate events and meetings in Madrid. Surprise your audience. Visit us!\" \/>\n<meta name=\"robots\" content=\"index, follow, max-snippet:-1, max-image-preview:large, max-video-preview:-1\" \/>\n<link rel=\"canonical\" href=\"https:\/\/loom.es\/en\/blog\/terraces-for-events-madrid\/\" \/>\n<meta property=\"og:locale\" content=\"en_US\" \/>\n<meta property=\"og:type\" content=\"article\" \/>\n<meta property=\"og:title\" content=\"The best terraces for events in Madrid | LOOM\" \/>\n<meta property=\"og:description\" content=\"Don&#039;t miss the best terraces and gardens to celebrate events and meetings in Madrid. Surprise your audience. Visit us!\" \/>\n<meta property=\"og:url\" content=\"https:\/\/loom.es\/en\/blog\/terraces-for-events-madrid\/\" \/>\n<meta property=\"og:site_name\" content=\"LOOM\" \/>\n<meta property=\"article:published_time\" content=\"2021-05-18T14:33:13+00:00\" \/>\n<meta property=\"article:modified_time\" content=\"2026-04-13T12:02:22+00:00\" \/>\n<meta property=\"og:image\" content=\"https:\/\/loom.es\/wp-content\/uploads\/2021\/05\/LOOM-Torre-Chamar\u00edn-terraza-006.jpg\" \/>\n\t<meta property=\"og:image:width\" content=\"1303\" \/>\n\t<meta property=\"og:image:height\" content=\"839\" \/>\n\t<meta property=\"og:image:type\" content=\"image\/jpeg\" \/>\n<meta name=\"author\" content=\"LOOM\" \/>\n<meta name=\"twitter:card\" content=\"summary_large_image\" \/>\n<meta name=\"twitter:creator\" content=\"@LOOM_es\" \/>\n<meta name=\"twitter:site\" content=\"@LOOM_es\" \/>\n<meta name=\"twitter:label1\" content=\"Written by\" \/>\n\t<meta name=\"twitter:data1\" content=\"LOOM\" \/>\n\t<meta name=\"twitter:label2\" content=\"Est. reading time\" \/>\n\t<meta name=\"twitter:data2\" content=\"4 minutes\" \/>\n<script type=\"application\/ld+json\" class=\"yoast-schema-graph\">{\"@context\":\"https:\/\/schema.org\",\"@graph\":[{\"@type\":\"Article\",\"@id\":\"https:\/\/loom.es\/en\/blog\/terraces-for-events-madrid\/#article\",\"isPartOf\":{\"@id\":\"https:\/\/loom.es\/en\/blog\/terraces-for-events-madrid\/\"},\"author\":{\"name\":\"LOOM\",\"@id\":\"https:\/\/loom.es\/en\/#\/schema\/person\/d0f7cc443bb20b97eee9786b91674e2c\"},\"headline\":\"The best terraces for events in Madrid\",\"datePublished\":\"2021-05-18T14:33:13+00:00\",\"dateModified\":\"2026-04-13T12:02:22+00:00\",\"mainEntityOfPage\":{\"@id\":\"https:\/\/loom.es\/en\/blog\/terraces-for-events-madrid\/\"},\"wordCount\":472,\"commentCount\":0,\"publisher\":{\"@id\":\"https:\/\/loom.es\/en\/#organization\"},\"image\":{\"@id\":\"https:\/\/loom.es\/en\/blog\/terraces-for-events-madrid\/#primaryimage\"},\"thumbnailUrl\":\"https:\/\/loom.es\/wp-content\/uploads\/2021\/05\/LOOM-Torre-Chamar\u00edn-terraza-006.jpg\",\"keywords\":[\"Espacios eventos\",\"Espacios eventos Madrid\",\"eventos\",\"Eventos Madrid\",\"Eventos Terrazas\",\"LOOM\",\"Madrid Eventos\",\"Terrazas\"],\"articleSection\":[\"Spaces\"],\"inLanguage\":\"en-US\",\"potentialAction\":[{\"@type\":\"CommentAction\",\"name\":\"Comment\",\"target\":[\"https:\/\/loom.es\/en\/blog\/terraces-for-events-madrid\/#respond\"]}]},{\"@type\":\"WebPage\",\"@id\":\"https:\/\/loom.es\/en\/blog\/terraces-for-events-madrid\/\",\"url\":\"https:\/\/loom.es\/en\/blog\/terraces-for-events-madrid\/\",\"name\":\"The best terraces for events in Madrid | LOOM\",\"isPartOf\":{\"@id\":\"https:\/\/loom.es\/en\/#website\"},\"primaryImageOfPage\":{\"@id\":\"https:\/\/loom.es\/en\/blog\/terraces-for-events-madrid\/#primaryimage\"},\"image\":{\"@id\":\"https:\/\/loom.es\/en\/blog\/terraces-for-events-madrid\/#primaryimage\"},\"thumbnailUrl\":\"https:\/\/loom.es\/wp-content\/uploads\/2021\/05\/LOOM-Torre-Chamar\u00edn-terraza-006.jpg\",\"datePublished\":\"2021-05-18T14:33:13+00:00\",\"dateModified\":\"2026-04-13T12:02:22+00:00\",\"description\":\"Don't miss the best terraces and gardens to celebrate events and meetings in Madrid. Surprise your audience. Visit us!\",\"inLanguage\":\"en-US\",\"potentialAction\":[{\"@type\":\"ReadAction\",\"target\":[\"https:\/\/loom.es\/en\/blog\/terraces-for-events-madrid\/\"]}]},{\"@type\":\"ImageObject\",\"inLanguage\":\"en-US\",\"@id\":\"https:\/\/loom.es\/en\/blog\/terraces-for-events-madrid\/#primaryimage\",\"url\":\"https:\/\/loom.es\/wp-content\/uploads\/2021\/05\/LOOM-Torre-Chamar\u00edn-terraza-006.jpg\",\"contentUrl\":\"https:\/\/loom.es\/wp-content\/uploads\/2021\/05\/LOOM-Torre-Chamar\u00edn-terraza-006.jpg\",\"width\":1303,\"height\":839},{\"@type\":\"WebSite\",\"@id\":\"https:\/\/loom.es\/en\/#website\",\"url\":\"https:\/\/loom.es\/en\/\",\"name\":\"LOOM\",\"description\":\"Espacios de trabajo flexibles\",\"publisher\":{\"@id\":\"https:\/\/loom.es\/en\/#organization\"},\"potentialAction\":[{\"@type\":\"SearchAction\",\"target\":{\"@type\":\"EntryPoint\",\"urlTemplate\":\"https:\/\/loom.es\/en\/?s={search_term_string}\"},\"query-input\":{\"@type\":\"PropertyValueSpecification\",\"valueRequired\":true,\"valueName\":\"search_term_string\"}}],\"inLanguage\":\"en-US\"},{\"@type\":\"Organization\",\"@id\":\"https:\/\/loom.es\/en\/#organization\",\"name\":\"LOOM\",\"url\":\"https:\/\/loom.es\/en\/\",\"logo\":{\"@type\":\"ImageObject\",\"inLanguage\":\"en-US\",\"@id\":\"https:\/\/loom.es\/en\/#\/schema\/logo\/image\/\",\"url\":\"https:\/\/loom.es\/wp-content\/uploads\/2023\/08\/Loom-Notion-featured-image.png\",\"contentUrl\":\"https:\/\/loom.es\/wp-content\/uploads\/2023\/08\/Loom-Notion-featured-image.png\",\"width\":1500,\"height\":300,\"caption\":\"LOOM\"},\"image\":{\"@id\":\"https:\/\/loom.es\/en\/#\/schema\/logo\/image\/\"},\"sameAs\":[\"https:\/\/x.com\/LOOM_es\",\"https:\/\/www.instagram.com\/loom_es\/\",\"https:\/\/www.linkedin.com\/company\/loom-house\/\",\"https:\/\/www.youtube.com\/@LOOM_Es\/featured\",\"https:\/\/www.tiktok.com\/@loom_es\"]},{\"@type\":\"Person\",\"@id\":\"https:\/\/loom.es\/en\/#\/schema\/person\/d0f7cc443bb20b97eee9786b91674e2c\",\"name\":\"LOOM\",\"url\":\"https:\/\/loom.es\/en\/blog\/author\/loom\/\"}]}<\/script>\n<!-- \/ Yoast SEO plugin. -->","yoast_head_json":{"title":"The best terraces for events in Madrid | LOOM","description":"Don't miss the best terraces and gardens to celebrate events and meetings in Madrid. Surprise your audience. Visit us!","robots":{"index":"index","follow":"follow","max-snippet":"max-snippet:-1","max-image-preview":"max-image-preview:large","max-video-preview":"max-video-preview:-1"},"canonical":"https:\/\/loom.es\/en\/blog\/terraces-for-events-madrid\/","og_locale":"en_US","og_type":"article","og_title":"The best terraces for events in Madrid | LOOM","og_description":"Don't miss the best terraces and gardens to celebrate events and meetings in Madrid. Surprise your audience. Visit us!","og_url":"https:\/\/loom.es\/en\/blog\/terraces-for-events-madrid\/","og_site_name":"LOOM","article_published_time":"2021-05-18T14:33:13+00:00","article_modified_time":"2026-04-13T12:02:22+00:00","og_image":[{"width":1303,"height":839,"url":"https:\/\/loom.es\/wp-content\/uploads\/2021\/05\/LOOM-Torre-Chamar\u00edn-terraza-006.jpg","type":"image\/jpeg"}],"author":"LOOM","twitter_card":"summary_large_image","twitter_creator":"@LOOM_es","twitter_site":"@LOOM_es","twitter_misc":{"Written by":"LOOM","Est. reading time":"4 minutes"},"schema":{"@context":"https:\/\/schema.org","@graph":[{"@type":"Article","@id":"https:\/\/loom.es\/en\/blog\/terraces-for-events-madrid\/#article","isPartOf":{"@id":"https:\/\/loom.es\/en\/blog\/terraces-for-events-madrid\/"},"author":{"name":"LOOM","@id":"https:\/\/loom.es\/en\/#\/schema\/person\/d0f7cc443bb20b97eee9786b91674e2c"},"headline":"The best terraces for events in Madrid","datePublished":"2021-05-18T14:33:13+00:00","dateModified":"2026-04-13T12:02:22+00:00","mainEntityOfPage":{"@id":"https:\/\/loom.es\/en\/blog\/terraces-for-events-madrid\/"},"wordCount":472,"commentCount":0,"publisher":{"@id":"https:\/\/loom.es\/en\/#organization"},"image":{"@id":"https:\/\/loom.es\/en\/blog\/terraces-for-events-madrid\/#primaryimage"},"thumbnailUrl":"https:\/\/loom.es\/wp-content\/uploads\/2021\/05\/LOOM-Torre-Chamar\u00edn-terraza-006.jpg","keywords":["Espacios eventos","Espacios eventos Madrid","eventos","Eventos Madrid","Eventos Terrazas","LOOM","Madrid Eventos","Terrazas"],"articleSection":["Spaces"],"inLanguage":"en-US","potentialAction":[{"@type":"CommentAction","name":"Comment","target":["https:\/\/loom.es\/en\/blog\/terraces-for-events-madrid\/#respond"]}]},{"@type":"WebPage","@id":"https:\/\/loom.es\/en\/blog\/terraces-for-events-madrid\/","url":"https:\/\/loom.es\/en\/blog\/terraces-for-events-madrid\/","name":"The best terraces for events in Madrid | LOOM","isPartOf":{"@id":"https:\/\/loom.es\/en\/#website"},"primaryImageOfPage":{"@id":"https:\/\/loom.es\/en\/blog\/terraces-for-events-madrid\/#primaryimage"},"image":{"@id":"https:\/\/loom.es\/en\/blog\/terraces-for-events-madrid\/#primaryimage"},"thumbnailUrl":"https:\/\/loom.es\/wp-content\/uploads\/2021\/05\/LOOM-Torre-Chamar\u00edn-terraza-006.jpg","datePublished":"2021-05-18T14:33:13+00:00","dateModified":"2026-04-13T12:02:22+00:00","description":"Don't miss the best terraces and gardens to celebrate events and meetings in Madrid. Surprise your audience. Visit us!","inLanguage":"en-US","potentialAction":[{"@type":"ReadAction","target":["https:\/\/loom.es\/en\/blog\/terraces-for-events-madrid\/"]}]},{"@type":"ImageObject","inLanguage":"en-US","@id":"https:\/\/loom.es\/en\/blog\/terraces-for-events-madrid\/#primaryimage","url":"https:\/\/loom.es\/wp-content\/uploads\/2021\/05\/LOOM-Torre-Chamar\u00edn-terraza-006.jpg","contentUrl":"https:\/\/loom.es\/wp-content\/uploads\/2021\/05\/LOOM-Torre-Chamar\u00edn-terraza-006.jpg","width":1303,"height":839},{"@type":"WebSite","@id":"https:\/\/loom.es\/en\/#website","url":"https:\/\/loom.es\/en\/","name":"LOOM","description":"Espacios de trabajo flexibles","publisher":{"@id":"https:\/\/loom.es\/en\/#organization"},"potentialAction":[{"@type":"SearchAction","target":{"@type":"EntryPoint","urlTemplate":"https:\/\/loom.es\/en\/?s={search_term_string}"},"query-input":{"@type":"PropertyValueSpecification","valueRequired":true,"valueName":"search_term_string"}}],"inLanguage":"en-US"},{"@type":"Organization","@id":"https:\/\/loom.es\/en\/#organization","name":"LOOM","url":"https:\/\/loom.es\/en\/","logo":{"@type":"ImageObject","inLanguage":"en-US","@id":"https:\/\/loom.es\/en\/#\/schema\/logo\/image\/","url":"https:\/\/loom.es\/wp-content\/uploads\/2023\/08\/Loom-Notion-featured-image.png","contentUrl":"https:\/\/loom.es\/wp-content\/uploads\/2023\/08\/Loom-Notion-featured-image.png","width":1500,"height":300,"caption":"LOOM"},"image":{"@id":"https:\/\/loom.es\/en\/#\/schema\/logo\/image\/"},"sameAs":["https:\/\/x.com\/LOOM_es","https:\/\/www.instagram.com\/loom_es\/","https:\/\/www.linkedin.com\/company\/loom-house\/","https:\/\/www.youtube.com\/@LOOM_Es\/featured","https:\/\/www.tiktok.com\/@loom_es"]},{"@type":"Person","@id":"https:\/\/loom.es\/en\/#\/schema\/person\/d0f7cc443bb20b97eee9786b91674e2c","name":"LOOM","url":"https:\/\/loom.es\/en\/blog\/author\/loom\/"}]}},"_links":{"self":[{"href":"https:\/\/loom.es\/en\/wp-json\/wp\/v2\/posts\/54881","targetHints":{"allow":["GET"]}}],"collection":[{"href":"https:\/\/loom.es\/en\/wp-json\/wp\/v2\/posts"}],"about":[{"href":"https:\/\/loom.es\/en\/wp-json\/wp\/v2\/types\/post"}],"author":[{"embeddable":true,"href":"https:\/\/loom.es\/en\/wp-json\/wp\/v2\/users\/12"}],"replies":[{"embeddable":true,"href":"https:\/\/loom.es\/en\/wp-json\/wp\/v2\/comments?post=54881"}],"version-history":[{"count":2,"href":"https:\/\/loom.es\/en\/wp-json\/wp\/v2\/posts\/54881\/revisions"}],"predecessor-version":[{"id":54906,"href":"https:\/\/loom.es\/en\/wp-json\/wp\/v2\/posts\/54881\/revisions\/54906"}],"wp:featuredmedia":[{"embeddable":true,"href":"https:\/\/loom.es\/en\/wp-json\/wp\/v2\/media\/46220"}],"wp:attachment":[{"href":"https:\/\/loom.es\/en\/wp-json\/wp\/v2\/media?parent=54881"}],"wp:term":[{"taxonomy":"category","embeddable":true,"href":"https:\/\/loom.es\/en\/wp-json\/wp\/v2\/categories?post=54881"},{"taxonomy":"post_tag","embeddable":true,"href":"https:\/\/loom.es\/en\/wp-json\/wp\/v2\/tags?post=54881"}],"curies":[{"name":"wp","href":"https:\/\/api.w.org\/{rel}","templated":true}]}}